{"id":160,"__str__":"Reuni\u00e3o Ordin\u00e1ria 16/03/2026","link_detail_backend":"/comissao/reuniao/160","metadata":{},"numero":6,"nome":"Reuni\u00e3o Ordin\u00e1ria 16/03/2026","tema":"Discuss\u00e3o do PLOE n\u00ba 13/2026","data":"2026-03-16","hora_inicio":"18:00:00","hora_fim":"18:28:00","local_reuniao":"Plen\u00e1rio","observacao":"Leitura e aprova\u00e7\u00e3o da ata da sess\u00e3o anterior. Esclarecimentos acerca do Projeto de Lei Ordin\u00e1ria do Executivo n\u00ba 13/2026, apresentados pelas convidadas Paula Scheuermann Krause (Coordenadora Educacional), Edineia Maria Battisti Junges (Articuladora Municipal) e Helena Heckler (Diretora do Departamento de Educa\u00e7\u00e3o e Cultura), seguidos de debate entre as vereadoras membros da comiss\u00e3o e emiss\u00e3o de parecer favor\u00e1vel.","url_audio":"","url_video":"https://www.youtube.com/live/TYqNqlHgA_c?si=wP3SI5ucjJ4HRTen","upload_pauta":null,"upload_ata":"http://sapl.marmeleiro.pr.leg.br/media/sapl/public/reuniao/160/ata/ata_no_6-2026_ccjds_-_16-03-2026.pdf","upload_anexo":null,"periodo":3,"comissao":1}